{"id":5834,"date":"2024-06-14T08:41:10","date_gmt":"2024-06-14T07:41:10","guid":{"rendered":"https:\/\/gemini.si\/2024\/06\/14\/austrijske-tvrtke-moguca-ulaganja-u-primorskoj\/"},"modified":"2024-11-11T10:33:40","modified_gmt":"2024-11-11T09:33:40","slug":"austrijske-tvrtke-moguca-ulaganja-u-primorskoj","status":"publish","type":"post","link":"https:\/\/gemini.si\/hr\/2024\/06\/14\/austrijske-tvrtke-moguca-ulaganja-u-primorskoj\/","title":{"rendered":"AUSTRIJSKE TVRTKE MOGU\u0106A ULAGANJA U PRIMORSKOJ"},"content":{"rendered":"<div class=\"flex_column av_one_full  flex_column_div av-zero-column-padding first  avia-builder-el-0  avia-builder-el-no-sibling  \" style='border-radius:0px; '><section class=\"av_textblock_section \"  itemscope=\"itemscope\" itemtype=\"https:\/\/schema.org\/BlogPosting\" itemprop=\"blogPost\" ><div class='avia_textblock  '   itemprop=\"text\" ><h3><strong>AUSTRIJSKE TVRTKE MOGU\u0106A ULAGANJA U PRIMORSKOJ<\/strong><\/h3>\n<p>Gemini je prisustvovao okruglom stolu u organizaciji Advantage Austria i Luke Koper na kojem se razgovaralo o mogu\u0107nostima budu\u0107ih ulaganja. Tijekom proteklih nekoliko godina austrijske tvrtke sve vi\u0161e \u017eele pro\u0161iriti svoja ulaganja u sektore logistike i infrastrukture u regiji Primorska u Sloveniji. Svojim strate\u0161kim polo\u017eajem na Jadranskom moru i blizinom klju\u010dnih europskih tr\u017ei\u0161ta, Primorska se nametnula kao atraktivna destinacija za tvrtke koje \u017eele unaprijediti svoje logisti\u010dke mogu\u0107nosti i pristupiti novim poslovnim prilikama. Jedan od klju\u010dnih pokreta\u010da ovog trenda je rastu\u0107a potra\u017enja za u\u010dinkovitim i modernim logisti\u010dkim rje\u0161enjima u regiji. Kako globalna trgovina nastavlja rasti, tvrtke tra\u017ee na\u010dine da pojednostave svoje opskrbne lance i pobolj\u0161aju svoje distribucijske mre\u017ee. Luka Kopar je najve\u0107a luka u Sloveniji i slu\u017ei kao glavno transportno \u010dvori\u0161te za robu koja ulazi i izlazi iz zemlje, a suo\u010dava se s ograni\u010denjima u smislu fizi\u010dkog prostora za \u0161irenje. Okolno podru\u010dje je gusto naseljeno i razvoj je ograni\u010den, \u0161to ote\u017eava pove\u0107anje veli\u010dine luke. Osim toga, briga o okoli\u0161u i propisi dodatno kompliciraju \u0161irenje luke. Ulaganjem u logisti\u010dke objekte i infrastrukturu u Primorskoj, austrijske tvrtke mogu bolje slu\u017eiti svojim klijentima i ste\u0107i konkurentsku prednost na tr\u017ei\u0161tu. Osim toga, Primorska nudi visokokvalificiranu radnu snagu i poslovno okru\u017eenje, \u0161to je \u010dini idealnom lokacijom za tvrtke koje \u017eele uspostaviti prisutnost u regiji. Svojom dobro razvijenom prometnom mre\u017eom, uklju\u010duju\u0107i cestovnu, \u017eeljezni\u010dku i pomorsku povezanost, Primorska omogu\u0107uje jednostavan pristup glavnim europskim tr\u017ei\u0161tima i omogu\u0107uje tvrtkama u\u010dinkovito premje\u0161tanje robe diljem kontinenta.<\/p>\n<\/div><\/section><br \/>\n<div  class='av-horizontal-gallery av-horizontal-gallery-large-gap av-horizontal-gallery-enlarge-effect av-horizontal-gallery-1  avia-builder-el-2  el_after_av_textblock  el_before_av_textblock  av-control-default '  itemprop=\"image\" itemscope=\"itemscope\" itemtype=\"https:\/\/schema.org\/ImageObject\"  style='padding: 3.75% 0px;' data-av-enlarge='1.3'  ><div class='avia-slideshow-arrows avia-slideshow-controls'><a href='#prev' class='prev-slide av-horizontal-gallery-prev' aria-hidden='true' data-av_icon='\ue87c' data-av_iconfont='entypo-fontello'>Previous<\/a><a href='#next' class='next-slide av-horizontal-gallery-next' aria-hidden='true' data-av_icon='\ue87d' data-av_iconfont='entypo-fontello'>Next <\/a><\/div><div class='av-horizontal-gallery-inner' style='padding-bottom:25%' data-av-height='25'><div class='av-horizontal-gallery-slider'><div class='av-horizontal-gallery-wrap noHover'><img decoding=\"async\" class='wp-image-5516 avia-img-lazy-loading-not-5516 av-horizontal-gallery-img' width=\"1030\" height=\"439\" src=\"https:\/\/gemini.si\/wp-content\/uploads\/2024\/06\/Gemini-event-of-Koper-Port-Austrian-Business-Circle-1030x439.png\" title='Gemini - event of Koper Port - Austrian Business Circle' alt='Gemini attended a round table organized by Advantage Austria and Koper Port, discussing about the possibility of future investments' srcset=\"https:\/\/gemini.si\/wp-content\/uploads\/2024\/06\/Gemini-event-of-Koper-Port-Austrian-Business-Circle-1030x439.png 1030w, https:\/\/gemini.si\/wp-content\/uploads\/2024\/06\/Gemini-event-of-Koper-Port-Austrian-Business-Circle-300x128.png 300w, https:\/\/gemini.si\/wp-content\/uploads\/2024\/06\/Gemini-event-of-Koper-Port-Austrian-Business-Circle-768x327.png 768w, https:\/\/gemini.si\/wp-content\/uploads\/2024\/06\/Gemini-event-of-Koper-Port-Austrian-Business-Circle-705x301.png 705w, https:\/\/gemini.si\/wp-content\/uploads\/2024\/06\/Gemini-event-of-Koper-Port-Austrian-Business-Circle.png 1166w\" sizes=\"(max-width: 1030px) 100vw, 1030px\" \/><a href='https:\/\/gemini.si\/wp-content\/uploads\/2024\/06\/Gemini-event-of-Koper-Port-Austrian-Business-Circle-1030x439.png' class='av-horizontal-gallery-link' aria-hidden='true' data-av_icon='\ue869' data-av_iconfont='entypo-fontello' title='Gemini - event of Koper Port - Austrian Business Circle' alt='Gemini attended a round table organized by Advantage Austria and Koper Port, discussing about the possibility of future investments'><\/a><\/div><\/div><\/div><\/div><br \/>\n<section class=\"av_textblock_section \"  itemscope=\"itemscope\" itemtype=\"https:\/\/schema.org\/BlogPosting\" itemprop=\"blogPost\" ><div class='avia_textblock  '   itemprop=\"text\" ><p>Nadalje, austrijske tvrtke tako\u0111er istra\u017euju mogu\u0107nosti ulaganja u infrastrukturne projekte u Primorskoj, poput razvoja luka, zra\u010dnih luka, \u017eeljeznice i autocesta. Pobolj\u0161anjem regionalne prometne infrastrukture, ova ulaganja mogu pomo\u0107i u privla\u010denju vi\u0161e poslova i ulaganja u Primorsku, dodatno u\u010dvr\u0161\u0107uju\u0107i njenu poziciju klju\u010dnog logisti\u010dkog \u010dvori\u0161ta u jadranskoj regiji. U zaklju\u010dku, regija Primorska nastavlja privla\u010diti ulaganja, tako da mo\u017eemo o\u010dekivati \u200b\u200bdaljnji rast i inovacije u sektoru logistike i infrastrukture, \u0161to \u0107e koristiti i austrijskim tvrtkama i lokalnom gospodarstvu. <\/p>\n<p><em>Foto: AKM<\/em><\/p>\n<p><em>Autor: AKM<\/em><\/p>\n<\/div><\/section><br \/>\n<span  class=\"av_font_icon avia_animate_when_visible avia-icon-animate  av-icon-style-  av-no-color avia-icon-pos-left \" style=\"\"><a href='7207385412770623488\/?actorCompanyId=14056953' target=\"_blank\" rel=\"noopener noreferrer\" class='av-icon-char' style='font-size:40px;line-height:40px;' aria-hidden='true' data-av_icon='\ue8fc' data-av_iconfont='entypo-fontello'><\/a><\/span><\/p><\/div>\n","protected":false},"excerpt":{"rendered":"","protected":false},"author":6,"featured_media":5527,"comment_status":"closed","ping_status":"open","sticky":false,"template":"","format":"standard","meta":{"footnotes":""},"categories":[67],"tags":[],"class_list":["post-5834","post","type-post","status-publish","format-standard","has-post-thumbnail","hentry","category-uncategorized-hr"],"_links":{"self":[{"href":"https:\/\/gemini.si\/hr\/wp-json\/wp\/v2\/posts\/5834"}],"collection":[{"href":"https:\/\/gemini.si\/hr\/wp-json\/wp\/v2\/posts"}],"about":[{"href":"https:\/\/gemini.si\/hr\/wp-json\/wp\/v2\/types\/post"}],"author":[{"embeddable":true,"href":"https:\/\/gemini.si\/hr\/wp-json\/wp\/v2\/users\/6"}],"replies":[{"embeddable":true,"href":"https:\/\/gemini.si\/hr\/wp-json\/wp\/v2\/comments?post=5834"}],"version-history":[{"count":5,"href":"https:\/\/gemini.si\/hr\/wp-json\/wp\/v2\/posts\/5834\/revisions"}],"predecessor-version":[{"id":5839,"href":"https:\/\/gemini.si\/hr\/wp-json\/wp\/v2\/posts\/5834\/revisions\/5839"}],"wp:featuredmedia":[{"embeddable":true,"href":"https:\/\/gemini.si\/hr\/wp-json\/wp\/v2\/media\/5527"}],"wp:attachment":[{"href":"https:\/\/gemini.si\/hr\/wp-json\/wp\/v2\/media?parent=5834"}],"wp:term":[{"taxonomy":"category","embeddable":true,"href":"https:\/\/gemini.si\/hr\/wp-json\/wp\/v2\/categories?post=5834"},{"taxonomy":"post_tag","embeddable":true,"href":"https:\/\/gemini.si\/hr\/wp-json\/wp\/v2\/tags?post=5834"}],"curies":[{"name":"wp","href":"https:\/\/api.w.org\/{rel}","templated":true}]}}