{"id":5840,"date":"2024-06-14T08:41:10","date_gmt":"2024-06-14T07:41:10","guid":{"rendered":"https:\/\/gemini.si\/2024\/06\/14\/mozne-nalozbe-avstrijskih-podjetij-v-primorsko\/"},"modified":"2024-11-11T10:33:53","modified_gmt":"2024-11-11T09:33:53","slug":"mozne-nalozbe-avstrijskih-podjetij-v-primorsko","status":"publish","type":"post","link":"https:\/\/gemini.si\/sl\/2024\/06\/14\/mozne-nalozbe-avstrijskih-podjetij-v-primorsko\/","title":{"rendered":"MO\u017dNE NALO\u017dBE AVSTRIJSKIH PODJETIJ V PRIMORSKO"},"content":{"rendered":"<div class=\"flex_column av_one_full  flex_column_div av-zero-column-padding first  avia-builder-el-0  avia-builder-el-no-sibling  \" style='border-radius:0px; '><section class=\"av_textblock_section \"  itemscope=\"itemscope\" itemtype=\"https:\/\/schema.org\/BlogPosting\" itemprop=\"blogPost\" ><div class='avia_textblock  '   itemprop=\"text\" ><h3><strong>MO\u017dNE NALO\u017dBE AVSTRIJSKIH PODJETIJ V PRIMORSKO<\/strong><\/h3>\n<p>Gemini se je udele\u017eil okrogle mize, ki sta jo organizirala Advantage Austria in koprsko pristani\u0161\u010de, in razpravljal o mo\u017enostih prihodnjih nalo\u017eb. Avstrijska podjetja si v zadnjih nekaj letih vse bolj prizadevajo za \u0161iritev svojih nalo\u017eb v logisti\u010dni in infrastrukturni sektor na Primorskem v Sloveniji. S svojo strate\u0161ko lego ob Jadranskem morju in bli\u017eino klju\u010dnih evropskih trgov je Primorska postala privla\u010dna destinacija za podjetja, ki \u017eelijo izbolj\u0161ati svoje logisti\u010dne zmogljivosti in dostopati do novih poslovnih prilo\u017enosti. Ena od klju\u010dnih gonilnih sil tega trenda je vse ve\u010dje povpra\u0161evanje po u\u010dinkovitih in sodobnih logisti\u010dnih re\u0161itvah v regiji. Ker se svetovna trgovina \u0161e naprej pove\u010duje, podjetja i\u0161\u010dejo na\u010dine za racionalizacijo svojih oskrbovalnih verig in izbolj\u0161anje svojih distribucijskih omre\u017eij. Koprsko pristani\u0161\u010de je najve\u010dje pristani\u0161\u010de v Sloveniji in slu\u017ei kot glavno prometno vozli\u0161\u010de za blago, ki prihaja v dr\u017eavo in iz nje, pri \u010demer se soo\u010da z omejitvami glede fizi\u010dnega prostora za \u0161iritev. Okolica je gosto poseljena in razvoj je omejen, kar pristani\u0161\u010du ote\u017euje rast. Poleg tega \u0161iritev pristani\u0161\u010da dodatno ote\u017eujejo okoljski pomisleki in predpisi. Z nalo\u017ebami v logisti\u010dne zmogljivosti in infrastrukturo na Primorskem lahko avstrijska podjetja bolje slu\u017eijo svojim strankam in pridobijo konkuren\u010dno prednost na trgu. Poleg tega Primorska ponuja visokokvalificirano delovno silo in poslovno prijazno okolje, zato je idealna lokacija za podjetja, ki \u017eelijo biti prisotna v regiji. Z dobro razvitim prometnim omre\u017ejem, vklju\u010dno s cestnimi, \u017eelezni\u0161kimi in pomorskimi povezavami, Primorska zagotavlja enostaven dostop do glavnih evropskih trgov in podjetjem omogo\u010da u\u010dinkovit prevoz blaga po vsej celini.<\/p>\n<\/div><\/section><br \/>\n<div  class='av-horizontal-gallery av-horizontal-gallery-large-gap av-horizontal-gallery-enlarge-effect av-horizontal-gallery-1  avia-builder-el-2  el_after_av_textblock  el_before_av_textblock  av-control-default '  itemprop=\"image\" itemscope=\"itemscope\" itemtype=\"https:\/\/schema.org\/ImageObject\"  style='padding: 3.75% 0px;' data-av-enlarge='1.3'  ><div class='avia-slideshow-arrows avia-slideshow-controls'><a href='#prev' class='prev-slide av-horizontal-gallery-prev' aria-hidden='true' data-av_icon='\ue87c' data-av_iconfont='entypo-fontello'>Previous<\/a><a href='#next' class='next-slide av-horizontal-gallery-next' aria-hidden='true' data-av_icon='\ue87d' data-av_iconfont='entypo-fontello'>Next <\/a><\/div><div class='av-horizontal-gallery-inner' style='padding-bottom:25%' data-av-height='25'><div class='av-horizontal-gallery-slider'><div class='av-horizontal-gallery-wrap noHover'><img decoding=\"async\" class='wp-image-5517 avia-img-lazy-loading-not-5517 av-horizontal-gallery-img' width=\"1030\" height=\"439\" src=\"https:\/\/gemini.si\/wp-content\/uploads\/2024\/06\/Gemini-event-of-Koper-Port-Austrian-Business-Circle-1030x439.png\" title='Gemini - event of Koper Port - Austrian Business Circle' alt='Gemini attended a round table organized by Advantage Austria and Koper Port, discussing about the possibility of future investments' srcset=\"https:\/\/gemini.si\/wp-content\/uploads\/2024\/06\/Gemini-event-of-Koper-Port-Austrian-Business-Circle-1030x439.png 1030w, https:\/\/gemini.si\/wp-content\/uploads\/2024\/06\/Gemini-event-of-Koper-Port-Austrian-Business-Circle-300x128.png 300w, https:\/\/gemini.si\/wp-content\/uploads\/2024\/06\/Gemini-event-of-Koper-Port-Austrian-Business-Circle-768x327.png 768w, https:\/\/gemini.si\/wp-content\/uploads\/2024\/06\/Gemini-event-of-Koper-Port-Austrian-Business-Circle-705x301.png 705w, https:\/\/gemini.si\/wp-content\/uploads\/2024\/06\/Gemini-event-of-Koper-Port-Austrian-Business-Circle.png 1166w\" sizes=\"(max-width: 1030px) 100vw, 1030px\" \/><a href='https:\/\/gemini.si\/wp-content\/uploads\/2024\/06\/Gemini-event-of-Koper-Port-Austrian-Business-Circle-1030x439.png' class='av-horizontal-gallery-link' aria-hidden='true' data-av_icon='\ue869' data-av_iconfont='entypo-fontello' title='Gemini - event of Koper Port - Austrian Business Circle' alt='Gemini attended a round table organized by Advantage Austria and Koper Port, discussing about the possibility of future investments'><\/a><\/div><\/div><\/div><\/div><br \/>\n<section class=\"av_textblock_section \"  itemscope=\"itemscope\" itemtype=\"https:\/\/schema.org\/BlogPosting\" itemprop=\"blogPost\" ><div class='avia_textblock  '   itemprop=\"text\" ><p>Poleg tega avstrijska podjetja preu\u010dujejo mo\u017enosti za nalo\u017ebe v infrastrukturne projekte na Primorskem, kot so razvoj pristani\u0161\u010d, letali\u0161\u010d, \u017eeleznic in avtocest. Z izbolj\u0161anjem prometne infrastrukture v regiji lahko te nalo\u017ebe na Primorsko privabijo ve\u010d podjetij in nalo\u017eb ter dodatno utrdijo njen polo\u017eaj kot klju\u010dnega logisti\u010dnega sredi\u0161\u010da v jadranski regiji. Skratka, Primorska \u0161e naprej privablja nalo\u017ebe, zato lahko pri\u010dakujemo nadaljnjo rast in inovacije v logisti\u010dnem in infrastrukturnem sektorju, kar bo koristilo tako avstrijskim podjetjem kot lokalnemu gospodarstvu. <\/p>\n<p><em>Foto: AKM<\/em><\/p>\n<p><em>Avtor: AKM<\/em><\/p>\n<\/div><\/section><br \/>\n<span  class=\"av_font_icon avia_animate_when_visible avia-icon-animate  av-icon-style-  av-no-color avia-icon-pos-left \" style=\"\"><a href='7207385412770623488\/?actorCompanyId=14056953' target=\"_blank\" rel=\"noopener noreferrer\" class='av-icon-char' style='font-size:40px;line-height:40px;' aria-hidden='true' data-av_icon='\ue8fc' data-av_iconfont='entypo-fontello'><\/a><\/span><\/p><\/div>\n","protected":false},"excerpt":{"rendered":"","protected":false},"author":6,"featured_media":5528,"comment_status":"closed","ping_status":"open","sticky":false,"template":"","format":"standard","meta":{"footnotes":""},"categories":[56],"tags":[],"class_list":["post-5840","post","type-post","status-publish","format-standard","has-post-thumbnail","hentry","category-uncategorized-sl"],"_links":{"self":[{"href":"https:\/\/gemini.si\/sl\/wp-json\/wp\/v2\/posts\/5840"}],"collection":[{"href":"https:\/\/gemini.si\/sl\/wp-json\/wp\/v2\/posts"}],"about":[{"href":"https:\/\/gemini.si\/sl\/wp-json\/wp\/v2\/types\/post"}],"author":[{"embeddable":true,"href":"https:\/\/gemini.si\/sl\/wp-json\/wp\/v2\/users\/6"}],"replies":[{"embeddable":true,"href":"https:\/\/gemini.si\/sl\/wp-json\/wp\/v2\/comments?post=5840"}],"version-history":[{"count":5,"href":"https:\/\/gemini.si\/sl\/wp-json\/wp\/v2\/posts\/5840\/revisions"}],"predecessor-version":[{"id":5845,"href":"https:\/\/gemini.si\/sl\/wp-json\/wp\/v2\/posts\/5840\/revisions\/5845"}],"wp:featuredmedia":[{"embeddable":true,"href":"https:\/\/gemini.si\/sl\/wp-json\/wp\/v2\/media\/5528"}],"wp:attachment":[{"href":"https:\/\/gemini.si\/sl\/wp-json\/wp\/v2\/media?parent=5840"}],"wp:term":[{"taxonomy":"category","embeddable":true,"href":"https:\/\/gemini.si\/sl\/wp-json\/wp\/v2\/categories?post=5840"},{"taxonomy":"post_tag","embeddable":true,"href":"https:\/\/gemini.si\/sl\/wp-json\/wp\/v2\/tags?post=5840"}],"curies":[{"name":"wp","href":"https:\/\/api.w.org\/{rel}","templated":true}]}}